{"id":9224,"date":"2018-04-09T14:54:23","date_gmt":"2018-04-09T17:54:23","guid":{"rendered":"http:\/\/abea.com.br\/?p=9224"},"modified":"2019-06-24T00:35:05","modified_gmt":"2019-06-24T03:35:05","slug":"inicio-dos-trabalhos-para-a-efetivacao-da-abea-regional-mato-grosso","status":"publish","type":"post","link":"https:\/\/abea.com.br\/sp\/inicio-dos-trabalhos-para-a-efetivacao-da-abea-regional-mato-grosso\/","title":{"rendered":"In\u00edcio dos trabalhos para a efetiva\u00e7\u00e3o da ABEA Regional Mato Grosso"},"content":{"rendered":"<p>Foi iniciado hoje, atrav\u00e9s da Portaria n\u00b0002 de 2018 a nomea\u00e7\u00e3o de um secret\u00e1rio executivo para coordenar as atividades de cria\u00e7\u00e3o e instala\u00e7\u00e3o da Associa\u00e7\u00e3o Brasileira dos Engenheiros de Alimentos (ABEA), Regional Mato Grosso, (ABEA-MT). Desta forma, os Estados do Tocantins e do Mato Grosso ser\u00e3o os primeiros a receberem uma regional ABEA para fortalecer a luta da categoria por melhor e maior espa\u00e7o de atua\u00e7\u00e3o em diversos setores da cadeia produtiva de alimentos.<\/p>\n<p>Quer uma ABEA no seu estado? entre em contato: <strong>presidencia@abea.com.br<\/strong><\/p>\n<p class=\"x_MsoNormal\">Um abra\u00e7o,<\/p>\n<p class=\"x_MsoNormal\" align=\"center\"><b>Presid\u00eancia<\/b><\/p>\n<p class=\"x_MsoNormal\" align=\"center\"><b>ABEA \u2013 Associa\u00e7\u00e3o Brasileira dos Engenheiros de Alimentos<\/b><\/p>\n","protected":false},"excerpt":{"rendered":"<p>Foi iniciado hoje, atrav\u00e9s da Portaria n\u00b0002 de 2018 a nomea\u00e7\u00e3o de um secret\u00e1rio executivo para coordenar as atividades de cria\u00e7\u00e3o e instala\u00e7\u00e3o da Associa\u00e7\u00e3o Brasileira dos Engenheiros de Alimentos (ABEA), Regional Mato Grosso, (ABEA-MT). Desta forma, os Estados do Tocantins e do Mato Grosso ser\u00e3o os primeiros a receberem uma regional ABEA para fortalecer a luta da categoria por melhor e maior espa\u00e7o de atua\u00e7\u00e3o em diversos setores da cadeia produtiva de alimentos. Quer&#8230;  <\/p>\n<div class=\"read-more\"><a class=\"excerpt-read-more\" href=\"https:\/\/abea.com.br\/sp\/inicio-dos-trabalhos-para-a-efetivacao-da-abea-regional-mato-grosso\/\" title=\"Continue lendo In\u00edcio dos trabalhos para a efetiva\u00e7\u00e3o da ABEA Regional Mato Grosso\">Continue lendo<i class=\"fa fa-angle-right\"><\/i><\/a><\/div>\n","protected":false},"author":7354,"featured_media":9225,"comment_status":"open","ping_status":"closed","sticky":false,"template":"","format":"standard","meta":{"footnotes":""},"categories":[1],"tags":[],"_links":{"self":[{"href":"https:\/\/abea.com.br\/sp\/wp-json\/wp\/v2\/posts\/9224"}],"collection":[{"href":"https:\/\/abea.com.br\/sp\/wp-json\/wp\/v2\/posts"}],"about":[{"href":"https:\/\/abea.com.br\/sp\/wp-json\/wp\/v2\/types\/post"}],"author":[{"embeddable":true,"href":"https:\/\/abea.com.br\/sp\/wp-json\/wp\/v2\/users\/7354"}],"replies":[{"embeddable":true,"href":"https:\/\/abea.com.br\/sp\/wp-json\/wp\/v2\/comments?post=9224"}],"version-history":[{"count":1,"href":"https:\/\/abea.com.br\/sp\/wp-json\/wp\/v2\/posts\/9224\/revisions"}],"predecessor-version":[{"id":9226,"href":"https:\/\/abea.com.br\/sp\/wp-json\/wp\/v2\/posts\/9224\/revisions\/9226"}],"wp:featuredmedia":[{"embeddable":true,"href":"https:\/\/abea.com.br\/sp\/wp-json\/wp\/v2\/media\/9225"}],"wp:attachment":[{"href":"https:\/\/abea.com.br\/sp\/wp-json\/wp\/v2\/media?parent=9224"}],"wp:term":[{"taxonomy":"category","embeddable":true,"href":"https:\/\/abea.com.br\/sp\/wp-json\/wp\/v2\/categories?post=9224"},{"taxonomy":"post_tag","embeddable":true,"href":"https:\/\/abea.com.br\/sp\/wp-json\/wp\/v2\/tags?post=9224"}],"curies":[{"name":"wp","href":"https:\/\/api.w.org\/{rel}","templated":true}]}}